{"id":201,"date":"2016-07-22T22:24:41","date_gmt":"2016-07-22T21:24:41","guid":{"rendered":"http:\/\/jandokoupil.cz\/domains\/jandokoupil.cz\/?p=201"},"modified":"2017-02-15T21:46:34","modified_gmt":"2017-02-15T20:46:34","slug":"squater","status":"publish","type":"post","link":"https:\/\/jandokoupil.cz\/domains\/jandokoupil.cz\/squater\/","title":{"rendered":"Squater"},"content":{"rendered":"<p><strong>Fotografov\u00e1n\u00ed ve&nbsp;star\u00e9m dom\u011b ur\u010den\u00e9m k\u00a0demolici poskytuje mnoho mo\u017enost\u00ed a&nbsp;v\u00fdzev pro fotografa i\u00a0jeho model. Kdy\u017e jsem zjistil, \u017ee m\u00e1m p\u0159\u00edle\u017eitost fotografovat v\u00a0takov\u00e9m dom\u011b, bez v\u00e1h\u00e1n\u00ed jsem vyto\u010dil \u010d\u00edslo na&nbsp;Dannyho.<\/strong><\/p>\n<p>Danny je jedn\u00edm z&nbsp;m\u00fdch nejobl\u00edben\u011bj\u0161\u00edch model\u016f. Jako b\u00fdval\u00fd tane\u010dn\u00edk m\u00e1 opravdu pestr\u00fd pohybov\u00fd reperto\u00e1r, tak\u017ee o&nbsp;zaj\u00edmav\u00e9 p\u00f3zy u\u00a0n\u011bj nen\u00ed nouze.<\/p>\n<p>Tentokr\u00e1t jsem po&nbsp;n\u011bm cht\u011bl ale n\u011bco \u00fapln\u011b jin\u00e9ho. Pro mou fotografii bylo pot\u0159eba, aby se Danny prom\u011bnil v\u00a0na\u0161tvan\u00e9ho squatera. D\u016fm poskytoval vhodnou atmosf\u00e9ru a\u00a0my se nemuseli ob\u00e1vat, \u017ee b\u011bhem fotografov\u00e1n\u00ed zni\u010d\u00edme n\u011bco, co bychom nem\u011bli. Na&nbsp;m\u00edst\u011b bylo v\u0161e, co jsme pot\u0159ebovali, dokonce i&nbsp;velk\u00e9 kladivo &#8211; hlavn\u00ed rekvizita t\u00e9to foto sc\u00e9ny. Jedin\u00fdm probl\u00e9mem byl v\u0161udyp\u0159\u00edtomn\u00fd prach. A\u00a0tak\u00e9 stabilita podlah, kter\u00e1 se zpo\u010d\u00e1tku nezd\u00e1la pro n\u00e1\u0161 z\u00e1m\u011br dostate\u010dn\u00e1.<\/p>\n<p>Zat\u00edm co jsem dotv\u00e1\u0159el sc\u00e9nu a&nbsp;stav\u011bl sv\u011btla, Danny se p\u0159evl\u00e9kl do&nbsp;vhodn\u00e9ho oble\u010den\u00ed. Dal jsem mu kladivo a\u00a0vysv\u011btlil, co bude d\u011blat a\u00a0kde j\u00e1 budu kle\u010det\/le\u017eet s&nbsp;fotoapar\u00e1tem. N\u011bkolikalet\u00e1 spolupr\u00e1ce s\u00a0dobr\u00fdm modelem p\u0159in\u00e1\u0161\u00ed \u0159adu v\u00fdhod. T\u0159eba to, \u017ee kdy\u017e chcete, aby ude\u0159il p\u011btikilov\u00fd kladivem p\u00e1r centimetr\u016f\u00a0od va\u0161\u00ed hlavy, m\u016f\u017eete se spolehnout, \u017ee z\u00a0v\u00e1s neud\u011bl\u00e1 ka\u0161i. A&nbsp;tak\u00e9, \u017ee ude\u0159\u00ed pokud mo\u017eno tak, aby \u00falomky nezas\u00e1hly \u010do\u010dku va\u0161eho fotoapar\u00e1tu (ano, je to mal\u00fd z\u00e1zrak).<\/p>\n<p>Vybral jsem m\u00edstnost, kter\u00e1 byla tak akor\u00e1t velk\u00e1. Skrz okno do&nbsp;n\u00ed proudil dostatek sv\u011btla, kter\u00e9 jsem hodlal vyu\u017e\u00edt jako dopl\u0148kov\u00e9 sv\u011btlo. O\u00a0hlavn\u00ed sv\u011btlo se postaral m\u016fj bateriov\u00fd gener\u00e1tor od Elinchromu. Reflektor s\u00a0vo\u0161tinou jsem um\u00edstil do&nbsp;dve\u0159\u00ed tak, aby osv\u011btloval Dannyho a&nbsp;p\u0159itom na&nbsp;st\u011bn\u00e1ch nevytv\u00e1\u0159el ru\u0161iv\u00e9 st\u00edny. Okno vzadu zajistilo, aby Danny nesplynul s\u00a0pozad\u00edm. S\u00edlu z\u00e1blesku jsem nastavil na&nbsp;3\u00a0Ws, tak\u017ee ve&nbsp;sc\u00e9n\u011b z\u016fstalo je\u0161t\u011b dost okoln\u00edho sv\u011btla. Fotoapar\u00e1t byl nastaven takto: clona: F8, z\u00e1v\u011brka: 1\/125, ISO: 120, ohnisko: 15\u00a0mm.<\/p>\n<p>Zjednodu\u0161en\u00fd n\u00e1kres pro lep\u0161\u00ed p\u0159edstavu um\u00edst\u011bn\u00ed jednotliv\u00fdch prvk\u016f ve&nbsp;sc\u00e9n\u011b vypad\u00e1 takto:<\/p>\n<p><img loading=\"lazy\" decoding=\"async\" class=\"aligncenter wp-image-335 size-medium\" src=\"https:\/\/jandokoupil.cz\/domains\/jandokoupil.cz\/wp-content\/uploads\/2016\/07\/light_diagram_squater_1-300x300.jpg\" alt=\"Light diagram 1\" width=\"300\" height=\"300\" srcset=\"https:\/\/jandokoupil.cz\/domains\/jandokoupil.cz\/wp-content\/uploads\/2016\/07\/light_diagram_squater_1-300x300.jpg 300w, https:\/\/jandokoupil.cz\/domains\/jandokoupil.cz\/wp-content\/uploads\/2016\/07\/light_diagram_squater_1-150x150.jpg 150w, https:\/\/jandokoupil.cz\/domains\/jandokoupil.cz\/wp-content\/uploads\/2016\/07\/light_diagram_squater_1-80x80.jpg 80w, https:\/\/jandokoupil.cz\/domains\/jandokoupil.cz\/wp-content\/uploads\/2016\/07\/light_diagram_squater_1.jpg 400w\" sizes=\"(max-width: 300px) 100vw, 300px\" \/><\/p>\n<p>Nejprve jsme mysleli, \u017ee do&nbsp;podlahy jen n\u011bkolikr\u00e1t trochu \u0165ukneme, proto\u017ee jinak by pod n\u00e1mi nemusela vydr\u017eet. A&nbsp;zbytek dotvo\u0159\u00edm pomoc\u00ed efekt\u016f v&nbsp;po\u010d\u00edta\u010di. Konstrukce podlahy ale byla pevn\u011bj\u0161\u00ed, ne\u017e jsme mysleli. D\u00edky tomu \u00a0jsme ud\u011blali \u0159adu sn\u00edmk\u016f a\u00a0Danny se p\u0159i fotografov\u00e1n\u00ed docela zapotil. Tohle je ten dle m\u00e9ho soudu nejpoveden\u011bj\u0161\u00ed:<\/p>\n<p><img loading=\"lazy\" decoding=\"async\" class=\"aligncenter wp-image-204 size-full\" src=\"https:\/\/jandokoupil.cz\/domains\/jandokoupil.cz\/wp-content\/uploads\/2016\/07\/DSC1821.jpg\" alt=\"Fotografie Squater\" width=\"800\" height=\"533\" srcset=\"https:\/\/jandokoupil.cz\/domains\/jandokoupil.cz\/wp-content\/uploads\/2016\/07\/DSC1821.jpg 800w, https:\/\/jandokoupil.cz\/domains\/jandokoupil.cz\/wp-content\/uploads\/2016\/07\/DSC1821-300x200.jpg 300w, https:\/\/jandokoupil.cz\/domains\/jandokoupil.cz\/wp-content\/uploads\/2016\/07\/DSC1821-768x512.jpg 768w\" sizes=\"(max-width: 800px) 100vw, 800px\" \/><\/p>\n<p>&nbsp;<\/p>\n<p>Podlaha ust\u00e1la v\u0161echno bu\u0161en\u00ed a&nbsp;my se p\u0159esunuli do&nbsp;sklepa, kter\u00fd mne zaujal hned p\u0159i prvn\u00ed n\u00e1v\u0161t\u011bv\u011b.<br \/>\nByl to ten spr\u00e1vn\u00fd, l\u00e9ta neudr\u017eovan\u00fd sklep se spoustou zplesniv\u011bl\u00fdch pavouk\u016f u&nbsp;stropu. A&nbsp;pr\u00e1v\u011b pavouci se uk\u00e1zali b\u00fdt pro Dannyho f\u00f3bii velkou v\u00fdzvou. Op\u011bt mne v\u0161ak p\u0159esv\u011bd\u010dil o\u00a0sv\u00e9 profesionalit\u011b, kdy\u017e se bez mrknut\u00ed oka usadil na\u00a0zemi, p\u0159esn\u011b tak, jak jsem cht\u011bl. Tr\u00e1pil se tam asi 10 minut, ne\u017e jsem po\u0159\u00eddil uspokojiv\u00fd sn\u00edmek:<img loading=\"lazy\" decoding=\"async\" class=\"aligncenter wp-image-206 size-full\" src=\"https:\/\/jandokoupil.cz\/domains\/jandokoupil.cz\/wp-content\/uploads\/2016\/07\/DSC1857.jpg\" alt=\"Fotografie Squater 2\" width=\"800\" height=\"534\" srcset=\"https:\/\/jandokoupil.cz\/domains\/jandokoupil.cz\/wp-content\/uploads\/2016\/07\/DSC1857.jpg 800w, https:\/\/jandokoupil.cz\/domains\/jandokoupil.cz\/wp-content\/uploads\/2016\/07\/DSC1857-300x200.jpg 300w, https:\/\/jandokoupil.cz\/domains\/jandokoupil.cz\/wp-content\/uploads\/2016\/07\/DSC1857-768x513.jpg 768w\" sizes=\"(max-width: 800px) 100vw, 800px\" \/> U&nbsp;tohoto sn\u00edmku je hlavn\u00ed sv\u011btlo s&nbsp;vo\u0161tinou um\u00edst\u011bno do&nbsp;vedlej\u0161\u00ed m\u00edstnosti a&nbsp;skrz dve\u0159e nam\u00ed\u0159eno skoro nad Dannyho. D\u00edky tomu se od n\u011bj net\u00e1hne o\u0161kliv\u00fd st\u00edn. Ne \u017ee bych nem\u011bl r\u00e1d st\u00edny, ale u&nbsp;t\u00e9to fotografie jsem necht\u011bl, aby strh\u00e1val pozornost. Sv\u011btla ve&nbsp;sklep\u011b moc nebylo. Vlastn\u011b tam byla sp\u00ed\u0161e tma. Fotoapar\u00e1t byl nastaven na&nbsp;clonu F 2 a&nbsp;ISO 640 p\u0159i \u010dase 1\/125. To abych vyu\u017eil i&nbsp;to m\u00e1lo sv\u011btla, kter\u00e9 proudilo skrze mal\u00fd sv\u011btl\u00edk ve&nbsp;st\u011bn\u011b zamnou. Hlavn\u00ed sv\u011btlo, bylo nastaven\u00e9 na&nbsp;0,4 Ws.<\/p>\n<p>Op\u011bt zjednodu\u0161en\u00fd n\u00e1kres:<\/p>\n<p><img loading=\"lazy\" decoding=\"async\" class=\"aligncenter wp-image-337 size-medium\" src=\"https:\/\/jandokoupil.cz\/domains\/jandokoupil.cz\/wp-content\/uploads\/2016\/07\/light_diagram_squater_2-300x300.jpg\" alt=\"Light diagram 2\" width=\"300\" height=\"300\" srcset=\"https:\/\/jandokoupil.cz\/domains\/jandokoupil.cz\/wp-content\/uploads\/2016\/07\/light_diagram_squater_2-300x300.jpg 300w, https:\/\/jandokoupil.cz\/domains\/jandokoupil.cz\/wp-content\/uploads\/2016\/07\/light_diagram_squater_2-150x150.jpg 150w, https:\/\/jandokoupil.cz\/domains\/jandokoupil.cz\/wp-content\/uploads\/2016\/07\/light_diagram_squater_2-80x80.jpg 80w, https:\/\/jandokoupil.cz\/domains\/jandokoupil.cz\/wp-content\/uploads\/2016\/07\/light_diagram_squater_2.jpg 400w\" sizes=\"(max-width: 300px) 100vw, 300px\" \/><\/p>\n<p>Danny si coby squater vedl skv\u011ble, ale n\u00e1\u0161 \u010das vyhrazen\u00fd pro tohle fotografov\u00e1n\u00ed byl u&nbsp;konce.<br \/>\nHned dal\u0161\u00ed den jsem s&nbsp;t\u00edmto domem m\u011bl v\u011bt\u0161\u00ed fotografick\u00fd z\u00e1m\u011br, kter\u00fd po\u010d\u00edtal s&nbsp;\u0161esti\u010dlenn\u00fdm t\u00fdmem. Bohu\u017eel demolice za\u010dala nepl\u00e1novan\u011b d\u0159\u00edve, tak\u017ee z&nbsp;toho se\u0161lo a&nbsp;\u017e\u00e1dn\u00e9 dal\u0161\u00ed fotografie u\u017e nevznikly. Ale jsem r\u00e1d i&nbsp;za tyto dv\u011b.<\/p>\n","protected":false},"excerpt":{"rendered":"<p>Fotografov\u00e1n\u00ed ve&nbsp;star\u00e9m dom\u011b ur\u010den\u00e9m k\u00a0demolici poskytuje mnoho mo\u017enost\u00ed a&nbsp;v\u00fdzev pro fotografa i\u00a0jeho model. Kdy\u017e jsem zjistil, \u017ee m\u00e1m p\u0159\u00edle\u017eitost fotografovat v\u00a0takov\u00e9m dom\u011b, bez v\u00e1h\u00e1n\u00ed jsem vyto\u010dil \u010d\u00edslo na&nbsp;Dannyho. Danny je jedn\u00edm z&nbsp;m\u00fdch nejobl\u00edben\u011bj\u0161\u00edch model\u016f. Jako b\u00fdval\u00fd tane\u010dn\u00edk m\u00e1 opravdu pestr\u00fd pohybov\u00fd reperto\u00e1r, tak\u017ee o&nbsp;zaj\u00edmav\u00e9 p\u00f3zy u\u00a0n\u011bj nen\u00ed nouze. Tentokr\u00e1t jsem po&nbsp;n\u011bm cht\u011bl ale n\u011bco \u00fapln\u011b [&hellip;]<\/p>\n","protected":false},"author":1,"featured_media":259,"comment_status":"open","ping_status":"open","sticky":false,"template":"","format":"standard","meta":{"footnotes":""},"categories":[5],"tags":[48,47,43,96,46,44,42,45,93],"class_list":["post-201","post","type-post","status-publish","format-standard","has-post-thumbnail","hentry","category-foto-blog","tag-elinchrom","tag-foto","tag-fotograf","tag-fotograf-valasske-mezirici","tag-fotograficka-scnena","tag-fotograficke-sviceni","tag-fotografie","tag-model","tag-valasske-mezirici"],"yoast_head":"<!-- This site is optimized with the Yoast SEO plugin v25.0 - https:\/\/yoast.com\/wordpress\/plugins\/seo\/ -->\n<title>Squater - Jan Dokoupil - fotograf - Vala\u0161sk\u00e9 Mezi\u0159\u00ed\u010d\u00ed<\/title>\n<meta name=\"robots\" content=\"index, follow, max-snippet:-1, max-image-preview:large, max-video-preview:-1\" \/>\n<link rel=\"canonical\" href=\"https:\/\/jandokoupil.cz\/domains\/jandokoupil.cz\/squater\/\" \/>\n<meta property=\"og:locale\" content=\"cs_CZ\" \/>\n<meta property=\"og:type\" content=\"article\" \/>\n<meta property=\"og:title\" content=\"Squater - Jan Dokoupil - fotograf - Vala\u0161sk\u00e9 Mezi\u0159\u00ed\u010d\u00ed\" \/>\n<meta property=\"og:description\" content=\"Fotografov\u00e1n\u00ed ve&nbsp;star\u00e9m dom\u011b ur\u010den\u00e9m k\u00a0demolici poskytuje mnoho mo\u017enost\u00ed a&nbsp;v\u00fdzev pro fotografa i\u00a0jeho model. Kdy\u017e jsem zjistil, \u017ee m\u00e1m p\u0159\u00edle\u017eitost fotografovat v\u00a0takov\u00e9m dom\u011b, bez v\u00e1h\u00e1n\u00ed jsem vyto\u010dil \u010d\u00edslo na&nbsp;Dannyho. Danny je jedn\u00edm z&nbsp;m\u00fdch nejobl\u00edben\u011bj\u0161\u00edch model\u016f. Jako b\u00fdval\u00fd tane\u010dn\u00edk m\u00e1 opravdu pestr\u00fd pohybov\u00fd reperto\u00e1r, tak\u017ee o&nbsp;zaj\u00edmav\u00e9 p\u00f3zy u\u00a0n\u011bj nen\u00ed nouze. Tentokr\u00e1t jsem po&nbsp;n\u011bm cht\u011bl ale n\u011bco \u00fapln\u011b [&hellip;]\" \/>\n<meta property=\"og:url\" content=\"https:\/\/jandokoupil.cz\/domains\/jandokoupil.cz\/squater\/\" \/>\n<meta property=\"og:site_name\" content=\"Jan Dokoupil - fotograf - Vala\u0161sk\u00e9 Mezi\u0159\u00ed\u010d\u00ed\" \/>\n<meta property=\"article:published_time\" content=\"2016-07-22T21:24:41+00:00\" \/>\n<meta property=\"article:modified_time\" content=\"2017-02-15T20:46:34+00:00\" \/>\n<meta property=\"og:image\" content=\"https:\/\/jandokoupil.cz\/domains\/jandokoupil.cz\/wp-content\/uploads\/2016\/07\/Squater-1.jpg\" \/>\n\t<meta property=\"og:image:width\" content=\"625\" \/>\n\t<meta property=\"og:image:height\" content=\"190\" \/>\n\t<meta property=\"og:image:type\" content=\"image\/jpeg\" \/>\n<meta name=\"author\" content=\"Jan Dokoupil\" \/>\n<meta name=\"twitter:card\" content=\"summary_large_image\" \/>\n<meta name=\"twitter:label1\" content=\"Napsal(a)\" \/>\n\t<meta name=\"twitter:data1\" content=\"Jan Dokoupil\" \/>\n\t<meta name=\"twitter:label2\" content=\"Odhadovan\u00e1 doba \u010dten\u00ed\" \/>\n\t<meta name=\"twitter:data2\" content=\"4 minuty\" \/>\n<script type=\"application\/ld+json\" class=\"yoast-schema-graph\">{\"@context\":\"https:\/\/schema.org\",\"@graph\":[{\"@type\":\"Article\",\"@id\":\"https:\/\/jandokoupil.cz\/domains\/jandokoupil.cz\/squater\/#article\",\"isPartOf\":{\"@id\":\"https:\/\/jandokoupil.cz\/domains\/jandokoupil.cz\/squater\/\"},\"author\":{\"name\":\"Jan Dokoupil\",\"@id\":\"https:\/\/jandokoupil.cz\/domains\/jandokoupil.cz\/#\/schema\/person\/04117bbee5ba0265e2a8c88262d6233a\"},\"headline\":\"Squater\",\"datePublished\":\"2016-07-22T21:24:41+00:00\",\"dateModified\":\"2017-02-15T20:46:34+00:00\",\"mainEntityOfPage\":{\"@id\":\"https:\/\/jandokoupil.cz\/domains\/jandokoupil.cz\/squater\/\"},\"wordCount\":789,\"commentCount\":0,\"publisher\":{\"@id\":\"https:\/\/jandokoupil.cz\/domains\/jandokoupil.cz\/#\/schema\/person\/04117bbee5ba0265e2a8c88262d6233a\"},\"image\":{\"@id\":\"https:\/\/jandokoupil.cz\/domains\/jandokoupil.cz\/squater\/#primaryimage\"},\"thumbnailUrl\":\"https:\/\/jandokoupil.cz\/domains\/jandokoupil.cz\/wp-content\/uploads\/2016\/07\/Squater-1.jpg\",\"keywords\":[\"Elinchrom\",\"foto\",\"fotograf\",\"fotograf Vala\u0161sk\u00e9 Mezi\u0159\u00ed\u010d\u00ed\",\"fotografick\u00e1 scn\u00e9na\",\"fotografick\u00e9 sv\u00edcen\u00ed\",\"fotografie\",\"model\",\"Vala\u0161sk\u00e9 Mezi\u0159\u00ed\u010d\u00ed\"],\"articleSection\":[\"Foto Blog\"],\"inLanguage\":\"cs\",\"potentialAction\":[{\"@type\":\"CommentAction\",\"name\":\"Comment\",\"target\":[\"https:\/\/jandokoupil.cz\/domains\/jandokoupil.cz\/squater\/#respond\"]}]},{\"@type\":\"WebPage\",\"@id\":\"https:\/\/jandokoupil.cz\/domains\/jandokoupil.cz\/squater\/\",\"url\":\"https:\/\/jandokoupil.cz\/domains\/jandokoupil.cz\/squater\/\",\"name\":\"Squater - Jan Dokoupil - fotograf - Vala\u0161sk\u00e9 Mezi\u0159\u00ed\u010d\u00ed\",\"isPartOf\":{\"@id\":\"https:\/\/jandokoupil.cz\/domains\/jandokoupil.cz\/#website\"},\"primaryImageOfPage\":{\"@id\":\"https:\/\/jandokoupil.cz\/domains\/jandokoupil.cz\/squater\/#primaryimage\"},\"image\":{\"@id\":\"https:\/\/jandokoupil.cz\/domains\/jandokoupil.cz\/squater\/#primaryimage\"},\"thumbnailUrl\":\"https:\/\/jandokoupil.cz\/domains\/jandokoupil.cz\/wp-content\/uploads\/2016\/07\/Squater-1.jpg\",\"datePublished\":\"2016-07-22T21:24:41+00:00\",\"dateModified\":\"2017-02-15T20:46:34+00:00\",\"breadcrumb\":{\"@id\":\"https:\/\/jandokoupil.cz\/domains\/jandokoupil.cz\/squater\/#breadcrumb\"},\"inLanguage\":\"cs\",\"potentialAction\":[{\"@type\":\"ReadAction\",\"target\":[\"https:\/\/jandokoupil.cz\/domains\/jandokoupil.cz\/squater\/\"]}]},{\"@type\":\"ImageObject\",\"inLanguage\":\"cs\",\"@id\":\"https:\/\/jandokoupil.cz\/domains\/jandokoupil.cz\/squater\/#primaryimage\",\"url\":\"https:\/\/jandokoupil.cz\/domains\/jandokoupil.cz\/wp-content\/uploads\/2016\/07\/Squater-1.jpg\",\"contentUrl\":\"https:\/\/jandokoupil.cz\/domains\/jandokoupil.cz\/wp-content\/uploads\/2016\/07\/Squater-1.jpg\",\"width\":625,\"height\":190},{\"@type\":\"BreadcrumbList\",\"@id\":\"https:\/\/jandokoupil.cz\/domains\/jandokoupil.cz\/squater\/#breadcrumb\",\"itemListElement\":[{\"@type\":\"ListItem\",\"position\":1,\"name\":\"Dom\u016f\",\"item\":\"https:\/\/jandokoupil.cz\/domains\/jandokoupil.cz\/\"},{\"@type\":\"ListItem\",\"position\":2,\"name\":\"Squater\"}]},{\"@type\":\"WebSite\",\"@id\":\"https:\/\/jandokoupil.cz\/domains\/jandokoupil.cz\/#website\",\"url\":\"https:\/\/jandokoupil.cz\/domains\/jandokoupil.cz\/\",\"name\":\"Jan Dokoupil - fotograf - Vala\u0161sk\u00e9 Mezi\u0159\u00ed\u010d\u00ed\",\"description\":\"Svatebn\u00ed, portr\u00e9tn\u00ed a report\u00e1\u017en\u00ed fotograf z Vala\u0161sk\u00e9ho Mezi\u0159\u00ed\u010d\u00ed\",\"publisher\":{\"@id\":\"https:\/\/jandokoupil.cz\/domains\/jandokoupil.cz\/#\/schema\/person\/04117bbee5ba0265e2a8c88262d6233a\"},\"potentialAction\":[{\"@type\":\"SearchAction\",\"target\":{\"@type\":\"EntryPoint\",\"urlTemplate\":\"https:\/\/jandokoupil.cz\/domains\/jandokoupil.cz\/?s={search_term_string}\"},\"query-input\":{\"@type\":\"PropertyValueSpecification\",\"valueRequired\":true,\"valueName\":\"search_term_string\"}}],\"inLanguage\":\"cs\"},{\"@type\":[\"Person\",\"Organization\"],\"@id\":\"https:\/\/jandokoupil.cz\/domains\/jandokoupil.cz\/#\/schema\/person\/04117bbee5ba0265e2a8c88262d6233a\",\"name\":\"Jan Dokoupil\",\"image\":{\"@type\":\"ImageObject\",\"inLanguage\":\"cs\",\"@id\":\"https:\/\/jandokoupil.cz\/domains\/jandokoupil.cz\/#\/schema\/person\/image\/\",\"url\":\"http:\/\/jandokoupil.cz\/domains\/jandokoupil.cz\/wp-content\/uploads\/2017\/01\/cropped-fav2.jpg\",\"contentUrl\":\"http:\/\/jandokoupil.cz\/domains\/jandokoupil.cz\/wp-content\/uploads\/2017\/01\/cropped-fav2.jpg\",\"width\":512,\"height\":512,\"caption\":\"Jan Dokoupil\"},\"logo\":{\"@id\":\"https:\/\/jandokoupil.cz\/domains\/jandokoupil.cz\/#\/schema\/person\/image\/\"}}]}<\/script>\n<!-- \/ Yoast SEO plugin. -->","yoast_head_json":{"title":"Squater - Jan Dokoupil - fotograf - Vala\u0161sk\u00e9 Mezi\u0159\u00ed\u010d\u00ed","robots":{"index":"index","follow":"follow","max-snippet":"max-snippet:-1","max-image-preview":"max-image-preview:large","max-video-preview":"max-video-preview:-1"},"canonical":"https:\/\/jandokoupil.cz\/domains\/jandokoupil.cz\/squater\/","og_locale":"cs_CZ","og_type":"article","og_title":"Squater - Jan Dokoupil - fotograf - Vala\u0161sk\u00e9 Mezi\u0159\u00ed\u010d\u00ed","og_description":"Fotografov\u00e1n\u00ed ve&nbsp;star\u00e9m dom\u011b ur\u010den\u00e9m k\u00a0demolici poskytuje mnoho mo\u017enost\u00ed a&nbsp;v\u00fdzev pro fotografa i\u00a0jeho model. Kdy\u017e jsem zjistil, \u017ee m\u00e1m p\u0159\u00edle\u017eitost fotografovat v\u00a0takov\u00e9m dom\u011b, bez v\u00e1h\u00e1n\u00ed jsem vyto\u010dil \u010d\u00edslo na&nbsp;Dannyho. Danny je jedn\u00edm z&nbsp;m\u00fdch nejobl\u00edben\u011bj\u0161\u00edch model\u016f. Jako b\u00fdval\u00fd tane\u010dn\u00edk m\u00e1 opravdu pestr\u00fd pohybov\u00fd reperto\u00e1r, tak\u017ee o&nbsp;zaj\u00edmav\u00e9 p\u00f3zy u\u00a0n\u011bj nen\u00ed nouze. Tentokr\u00e1t jsem po&nbsp;n\u011bm cht\u011bl ale n\u011bco \u00fapln\u011b [&hellip;]","og_url":"https:\/\/jandokoupil.cz\/domains\/jandokoupil.cz\/squater\/","og_site_name":"Jan Dokoupil - fotograf - Vala\u0161sk\u00e9 Mezi\u0159\u00ed\u010d\u00ed","article_published_time":"2016-07-22T21:24:41+00:00","article_modified_time":"2017-02-15T20:46:34+00:00","og_image":[{"width":625,"height":190,"url":"https:\/\/jandokoupil.cz\/domains\/jandokoupil.cz\/wp-content\/uploads\/2016\/07\/Squater-1.jpg","type":"image\/jpeg"}],"author":"Jan Dokoupil","twitter_card":"summary_large_image","twitter_misc":{"Napsal(a)":"Jan Dokoupil","Odhadovan\u00e1 doba \u010dten\u00ed":"4 minuty"},"schema":{"@context":"https:\/\/schema.org","@graph":[{"@type":"Article","@id":"https:\/\/jandokoupil.cz\/domains\/jandokoupil.cz\/squater\/#article","isPartOf":{"@id":"https:\/\/jandokoupil.cz\/domains\/jandokoupil.cz\/squater\/"},"author":{"name":"Jan Dokoupil","@id":"https:\/\/jandokoupil.cz\/domains\/jandokoupil.cz\/#\/schema\/person\/04117bbee5ba0265e2a8c88262d6233a"},"headline":"Squater","datePublished":"2016-07-22T21:24:41+00:00","dateModified":"2017-02-15T20:46:34+00:00","mainEntityOfPage":{"@id":"https:\/\/jandokoupil.cz\/domains\/jandokoupil.cz\/squater\/"},"wordCount":789,"commentCount":0,"publisher":{"@id":"https:\/\/jandokoupil.cz\/domains\/jandokoupil.cz\/#\/schema\/person\/04117bbee5ba0265e2a8c88262d6233a"},"image":{"@id":"https:\/\/jandokoupil.cz\/domains\/jandokoupil.cz\/squater\/#primaryimage"},"thumbnailUrl":"https:\/\/jandokoupil.cz\/domains\/jandokoupil.cz\/wp-content\/uploads\/2016\/07\/Squater-1.jpg","keywords":["Elinchrom","foto","fotograf","fotograf Vala\u0161sk\u00e9 Mezi\u0159\u00ed\u010d\u00ed","fotografick\u00e1 scn\u00e9na","fotografick\u00e9 sv\u00edcen\u00ed","fotografie","model","Vala\u0161sk\u00e9 Mezi\u0159\u00ed\u010d\u00ed"],"articleSection":["Foto Blog"],"inLanguage":"cs","potentialAction":[{"@type":"CommentAction","name":"Comment","target":["https:\/\/jandokoupil.cz\/domains\/jandokoupil.cz\/squater\/#respond"]}]},{"@type":"WebPage","@id":"https:\/\/jandokoupil.cz\/domains\/jandokoupil.cz\/squater\/","url":"https:\/\/jandokoupil.cz\/domains\/jandokoupil.cz\/squater\/","name":"Squater - Jan Dokoupil - fotograf - Vala\u0161sk\u00e9 Mezi\u0159\u00ed\u010d\u00ed","isPartOf":{"@id":"https:\/\/jandokoupil.cz\/domains\/jandokoupil.cz\/#website"},"primaryImageOfPage":{"@id":"https:\/\/jandokoupil.cz\/domains\/jandokoupil.cz\/squater\/#primaryimage"},"image":{"@id":"https:\/\/jandokoupil.cz\/domains\/jandokoupil.cz\/squater\/#primaryimage"},"thumbnailUrl":"https:\/\/jandokoupil.cz\/domains\/jandokoupil.cz\/wp-content\/uploads\/2016\/07\/Squater-1.jpg","datePublished":"2016-07-22T21:24:41+00:00","dateModified":"2017-02-15T20:46:34+00:00","breadcrumb":{"@id":"https:\/\/jandokoupil.cz\/domains\/jandokoupil.cz\/squater\/#breadcrumb"},"inLanguage":"cs","potentialAction":[{"@type":"ReadAction","target":["https:\/\/jandokoupil.cz\/domains\/jandokoupil.cz\/squater\/"]}]},{"@type":"ImageObject","inLanguage":"cs","@id":"https:\/\/jandokoupil.cz\/domains\/jandokoupil.cz\/squater\/#primaryimage","url":"https:\/\/jandokoupil.cz\/domains\/jandokoupil.cz\/wp-content\/uploads\/2016\/07\/Squater-1.jpg","contentUrl":"https:\/\/jandokoupil.cz\/domains\/jandokoupil.cz\/wp-content\/uploads\/2016\/07\/Squater-1.jpg","width":625,"height":190},{"@type":"BreadcrumbList","@id":"https:\/\/jandokoupil.cz\/domains\/jandokoupil.cz\/squater\/#breadcrumb","itemListElement":[{"@type":"ListItem","position":1,"name":"Dom\u016f","item":"https:\/\/jandokoupil.cz\/domains\/jandokoupil.cz\/"},{"@type":"ListItem","position":2,"name":"Squater"}]},{"@type":"WebSite","@id":"https:\/\/jandokoupil.cz\/domains\/jandokoupil.cz\/#website","url":"https:\/\/jandokoupil.cz\/domains\/jandokoupil.cz\/","name":"Jan Dokoupil - fotograf - Vala\u0161sk\u00e9 Mezi\u0159\u00ed\u010d\u00ed","description":"Svatebn\u00ed, portr\u00e9tn\u00ed a report\u00e1\u017en\u00ed fotograf z Vala\u0161sk\u00e9ho Mezi\u0159\u00ed\u010d\u00ed","publisher":{"@id":"https:\/\/jandokoupil.cz\/domains\/jandokoupil.cz\/#\/schema\/person\/04117bbee5ba0265e2a8c88262d6233a"},"potentialAction":[{"@type":"SearchAction","target":{"@type":"EntryPoint","urlTemplate":"https:\/\/jandokoupil.cz\/domains\/jandokoupil.cz\/?s={search_term_string}"},"query-input":{"@type":"PropertyValueSpecification","valueRequired":true,"valueName":"search_term_string"}}],"inLanguage":"cs"},{"@type":["Person","Organization"],"@id":"https:\/\/jandokoupil.cz\/domains\/jandokoupil.cz\/#\/schema\/person\/04117bbee5ba0265e2a8c88262d6233a","name":"Jan Dokoupil","image":{"@type":"ImageObject","inLanguage":"cs","@id":"https:\/\/jandokoupil.cz\/domains\/jandokoupil.cz\/#\/schema\/person\/image\/","url":"http:\/\/jandokoupil.cz\/domains\/jandokoupil.cz\/wp-content\/uploads\/2017\/01\/cropped-fav2.jpg","contentUrl":"http:\/\/jandokoupil.cz\/domains\/jandokoupil.cz\/wp-content\/uploads\/2017\/01\/cropped-fav2.jpg","width":512,"height":512,"caption":"Jan Dokoupil"},"logo":{"@id":"https:\/\/jandokoupil.cz\/domains\/jandokoupil.cz\/#\/schema\/person\/image\/"}}]}},"_links":{"self":[{"href":"https:\/\/jandokoupil.cz\/domains\/jandokoupil.cz\/wp-json\/wp\/v2\/posts\/201"}],"collection":[{"href":"https:\/\/jandokoupil.cz\/domains\/jandokoupil.cz\/wp-json\/wp\/v2\/posts"}],"about":[{"href":"https:\/\/jandokoupil.cz\/domains\/jandokoupil.cz\/wp-json\/wp\/v2\/types\/post"}],"author":[{"embeddable":true,"href":"https:\/\/jandokoupil.cz\/domains\/jandokoupil.cz\/wp-json\/wp\/v2\/users\/1"}],"replies":[{"embeddable":true,"href":"https:\/\/jandokoupil.cz\/domains\/jandokoupil.cz\/wp-json\/wp\/v2\/comments?post=201"}],"version-history":[{"count":25,"href":"https:\/\/jandokoupil.cz\/domains\/jandokoupil.cz\/wp-json\/wp\/v2\/posts\/201\/revisions"}],"predecessor-version":[{"id":263,"href":"https:\/\/jandokoupil.cz\/domains\/jandokoupil.cz\/wp-json\/wp\/v2\/posts\/201\/revisions\/263"}],"wp:featuredmedia":[{"embeddable":true,"href":"https:\/\/jandokoupil.cz\/domains\/jandokoupil.cz\/wp-json\/wp\/v2\/media\/259"}],"wp:attachment":[{"href":"https:\/\/jandokoupil.cz\/domains\/jandokoupil.cz\/wp-json\/wp\/v2\/media?parent=201"}],"wp:term":[{"taxonomy":"category","embeddable":true,"href":"https:\/\/jandokoupil.cz\/domains\/jandokoupil.cz\/wp-json\/wp\/v2\/categories?post=201"},{"taxonomy":"post_tag","embeddable":true,"href":"https:\/\/jandokoupil.cz\/domains\/jandokoupil.cz\/wp-json\/wp\/v2\/tags?post=201"}],"curies":[{"name":"wp","href":"https:\/\/api.w.org\/{rel}","templated":true}]}}